{"id":6242,"date":"2021-03-08T17:15:07","date_gmt":"2021-03-08T17:15:07","guid":{"rendered":"https:\/\/www.visionquest.it\/?p=6242"},"modified":"2021-04-29T12:06:31","modified_gmt":"2021-04-29T12:06:31","slug":"cappuccetto-rosso-carla-iacono","status":"publish","type":"post","link":"https:\/\/www.visionquest.it\/index.php\/2021\/03\/08\/cappuccetto-rosso-carla-iacono\/","title":{"rendered":"Cappuccetto Rosso &#8211; Carla Iacono"},"content":{"rendered":"<p style=\"text-align: center;\">Cari amici<br \/>\nvi aspettiamo <strong>sabato 13 marzo 2021 dalle 15.00 alle 20.00<\/strong><br \/>\nalla presentazione del Leporello<br \/>\nFiorina Edizioni 2020<br \/>\n&#8220;Il Cappuccetto Rosso&#8221; di Charles \u00a0Perrault\u00a0portato in rima da Emma Mauhl Dejean,<br \/>\nliberamente tradotto e illustrato da Carla Iacono<\/p>\n<p style=\"text-align: center;\"><strong>Le illustrazioni e le fotografie di Carla Iacono faranno<\/strong><br \/>\n<strong>da cornice alla presentazione del Leporello<\/strong><\/p>\n<p style=\"text-align: center;\">Gli ingressi saranno in\u00a0modalit\u00e0 protetta\u00a0e con accesso contingentato.<\/p>\n<p style=\"text-align: center;\"><img loading=\"lazy\" decoding=\"async\" class=\"alignnone wp-image-6247\" src=\"https:\/\/www.visionquest.it\/wp-content\/uploads\/2021\/03\/unnamed-3.jpg\" alt=\"\" width=\"310\" height=\"372\" srcset=\"https:\/\/www.visionquest.it\/wp-content\/uploads\/2021\/03\/unnamed-3.jpg 1000w, https:\/\/www.visionquest.it\/wp-content\/uploads\/2021\/03\/unnamed-3-250x300.jpg 250w, https:\/\/www.visionquest.it\/wp-content\/uploads\/2021\/03\/unnamed-3-768x922.jpg 768w, https:\/\/www.visionquest.it\/wp-content\/uploads\/2021\/03\/unnamed-3-853x1024.jpg 853w, https:\/\/www.visionquest.it\/wp-content\/uploads\/2021\/03\/unnamed-3-167x200.jpg 167w\" sizes=\"(max-width: 310px) 100vw, 310px\" \/><\/p>\n<p style=\"text-align: left;\">Cappuccetto Rosso, pur avendo uno stile narrativo destinato all\u2019infanzia, rivela, forse pi\u00f9 di altre fiabe, la propria funzione \u201ciniziatica\u201d, propedeutica ad affrontare e superare le prove della vita. Ricca di significati antropologici e psicologici, \u00e8 conosciuta in due versioni; quella pi\u00f9 antica \u00e8 Le Petit Chaperon Rouge, apparsa nella raccolta di fiabe I racconti di mamma oca di Charles Perrault nel 1697 e, rispetto alla successiva versione dei fratelli Grimm, non contiene un lieto fine. La fiaba di Perrault termina con l\u2019esplicitazione della morale che, in modo molto diretto, esorta le giovani donne a diffidare degli sconosciuti.\u00a0Come scrisse lo psicoanalista Bruno Bettelheim ne Il mondo incantato, \u201cCappuccetto Rosso perse l\u2019innocenza dell\u2019infanzia quando incontr\u00f2 i pericoli in agguato dentro se stessa nel mondo\u201d.\u00a0La versione in francese, da cui Carla ha tratto la sua trasposizione in rima libera, si ispira al Chaperon Rouge di Perrault; \u00e8 stata scritta da Emma Mahul Dejean (Parigi, 1815 &#8211; Livorno, 1879) nobildonna francese, \u00a0poetessa, prolifica autrice e traduttrice che visse molti anni in Italia.<\/p>\n<p style=\"text-align: left;\"><img loading=\"lazy\" decoding=\"async\" class=\"wp-image-6243 aligncenter\" src=\"https:\/\/www.visionquest.it\/wp-content\/uploads\/2021\/03\/unnamed-1.jpg\" alt=\"\" width=\"308\" height=\"370\" srcset=\"https:\/\/www.visionquest.it\/wp-content\/uploads\/2021\/03\/unnamed-1.jpg 500w, https:\/\/www.visionquest.it\/wp-content\/uploads\/2021\/03\/unnamed-1-250x300.jpg 250w, https:\/\/www.visionquest.it\/wp-content\/uploads\/2021\/03\/unnamed-1-167x200.jpg 167w\" sizes=\"(max-width: 308px) 100vw, 308px\" \/><\/p>\n<p style=\"text-align: left;\">Quando \u00e8 iniziato il confinamento forzato causato dall\u2019epidemia di Covid aveva gi\u00e0 tradotto ed adattato in rima il testo dal francese ed appena iniziato ad abbozzare le tavole delle illustrazioni; continuare il progetto \u00e8 stato per lei una vera e propria ancora di salvezza per affrontare con determinazione il distacco sociale e ritrovare energia ed entusiasmo nel processo creativo.\u00a0Ne \u00e8 nato un lavoro ibrido che include le illustrazioni realizzate con la tecnica del collage e una serie di fotografie che declinano in modo surreale le atmosfere gotiche della fiaba, riportando in primo piano il significato archetipico della narrazione e suggerendo un finale \u201calternativo\u201d a sorpresa: la nascita di una \u201cbambina lupo\u201d che supera cos\u00ec la tragica vicenda narrata, diventando ancora una volta metafora del rito di passaggio dall\u2019infanzia all\u2019adolescenza. Ed oggi diventa anche metafora dell\u2019affrontare questo drammatico e surreale momento, costruendo un nuovo equilibrio per la convivenza e la sopravvivenza.<\/p>\n","protected":false},"excerpt":{"rendered":"<p>Cari amici vi aspettiamo sabato 13 marzo 2021 dalle 15.00 alle 20.00 alla presentazione del Leporello Fiorina Edizioni 2020 &#8220;Il Cappuccetto Rosso&#8221; di Charles \u00a0Perrault\u00a0portato in<\/p>\n","protected":false},"author":2,"featured_media":6245,"comment_status":"closed","ping_status":"closed","sticky":false,"template":"","format":"standard","meta":{"_acf_changed":false,"footnotes":""},"categories":[17,7],"tags":[],"acf":[],"_links":{"self":[{"href":"https:\/\/www.visionquest.it\/index.php\/wp-json\/wp\/v2\/posts\/6242"}],"collection":[{"href":"https:\/\/www.visionquest.it\/index.php\/wp-json\/wp\/v2\/posts"}],"about":[{"href":"https:\/\/www.visionquest.it\/index.php\/wp-json\/wp\/v2\/types\/post"}],"author":[{"embeddable":true,"href":"https:\/\/www.visionquest.it\/index.php\/wp-json\/wp\/v2\/users\/2"}],"replies":[{"embeddable":true,"href":"https:\/\/www.visionquest.it\/index.php\/wp-json\/wp\/v2\/comments?post=6242"}],"version-history":[{"count":7,"href":"https:\/\/www.visionquest.it\/index.php\/wp-json\/wp\/v2\/posts\/6242\/revisions"}],"predecessor-version":[{"id":6274,"href":"https:\/\/www.visionquest.it\/index.php\/wp-json\/wp\/v2\/posts\/6242\/revisions\/6274"}],"wp:featuredmedia":[{"embeddable":true,"href":"https:\/\/www.visionquest.it\/index.php\/wp-json\/wp\/v2\/media\/6245"}],"wp:attachment":[{"href":"https:\/\/www.visionquest.it\/index.php\/wp-json\/wp\/v2\/media?parent=6242"}],"wp:term":[{"taxonomy":"category","embeddable":true,"href":"https:\/\/www.visionquest.it\/index.php\/wp-json\/wp\/v2\/categories?post=6242"},{"taxonomy":"post_tag","embeddable":true,"href":"https:\/\/www.visionquest.it\/index.php\/wp-json\/wp\/v2\/tags?post=6242"}],"curies":[{"name":"wp","href":"https:\/\/api.w.org\/{rel}","templated":true}]}}